

{"id":2596,"date":"2026-04-29T09:33:13","date_gmt":"2026-04-29T15:33:13","guid":{"rendered":"https:\/\/www.vuce.cr\/argentina-panama-bucan-acuerdo-comercial\/"},"modified":"2026-04-30T11:49:16","modified_gmt":"2026-04-30T17:49:16","slug":"argentina-panama-bucan-acuerdo-comercial","status":"publish","type":"post","link":"https:\/\/www.vuce.cr\/en\/argentina-panama-bucan-acuerdo-comercial\/","title":{"rendered":"Argentina and Panama Advance Toward a Trade Agreement"},"content":{"rendered":"\n<p>Early April marked a highly active period for Argentina and Panama, as both countries seek to leverage their export potential.<\/p>\n\n\n\n<p>The first step toward this objective, according to Argentina\u2019s Ministry of Foreign Affairs and International Trade, was formalized through the signing of a \u201cTerms of Reference\u201d document in Buenos Aires. This instrument will serve as the basis for launching negotiations aimed at establishing a bilateral trade agreement. Through this initiative, the Argentine government aims to reinforce its commitment to an active trade policy that promotes market expansion and job creation.<\/p>\n\n\n\n<p>Argentina\u2019s main goal is to increase its exports by approximately 20% by facilitating the entry of Argentine companies into new markets, recognizing Panama\u2019s potential as a strategic trade partner.<\/p>\n\n\n\n<p>Additionally, according to media outlets including Ecotv Panam\u00e1 and Portal Portuario, Central American countries following their incorporation into MERCOSUR aim to position themselves as a regional trade platform, strengthen economic integration, and promote investment opportunities.<\/p>\n\n\n\n<p>For more details, please refer to: <a href=\"https:\/\/www.cancilleria.gob.ar\/es\/actualidad\/noticias\/argentina-y-panama-avanzan-hacia-un-acuerdo-comercial-con-alto-potencial\">Ministerio de Relaciones Exteriores, Comercio Internacional y Culto Rep\u00fablica Argentina<\/a>, <a href=\"https:\/\/portalportuario.cl\/argentina-y-panama-firman-acuerdo-bilateral-para-impulsar-un-mayor-flujo-comercial-entre-ambos-paises\/\">Portal Portuario<\/a> and <a href=\"https:\/\/www.ecotvpanama.com\/economia\/panama-y-argentina-firman-acuerdo-clave-impulsar-comercio-e-inversiones-n6075786\">Ecotv Panam\u00e1<\/a><\/p>\n","protected":false},"excerpt":{"rendered":"<p>Early April marked a highly active period for Argentina and Panama, as both countries seek to leverage their export potential.<\/p>\n","protected":false},"author":12,"featured_media":2594,"comment_status":"closed","ping_status":"closed","sticky":false,"template":"","format":"standard","meta":{"footnotes":""},"categories":[38],"tags":[],"yoast_head":"<!-- This site is optimized with the Yoast SEO plugin v21.8 - https:\/\/yoast.com\/wordpress\/plugins\/seo\/ -->\n<title>Argentina and Panama Advance Toward a Trade Agreement | VUCE<\/title>\n<meta name=\"description\" content=\"El inicio de abril constituy\u00f3 un mes muy activo para el pa\u00eds suramericano y Panam\u00e1, donde se reporta que ambas naciones buscan explotar el potencial exportador que poseen.\" \/>\n<meta name=\"robots\" content=\"index, follow, max-snippet:-1, max-image-preview:large, max-video-preview:-1\" \/>\n<link rel=\"canonical\" href=\"https:\/\/www.vuce.cr\/en\/argentina-panama-bucan-acuerdo-comercial\/\" \/>\n<meta property=\"og:locale\" content=\"en_US\" \/>\n<meta property=\"og:type\" content=\"article\" \/>\n<meta property=\"og:title\" content=\"Argentina and Panama Advance Toward a Trade Agreement | VUCE\" \/>\n<meta property=\"og:description\" content=\"El inicio de abril constituy\u00f3 un mes muy activo para el pa\u00eds suramericano y Panam\u00e1, donde se reporta que ambas naciones buscan explotar el potencial exportador que poseen.\" \/>\n<meta property=\"og:url\" content=\"https:\/\/www.vuce.cr\/en\/argentina-panama-bucan-acuerdo-comercial\/\" \/>\n<meta property=\"og:site_name\" content=\"VUCE\" \/>\n<meta property=\"article:published_time\" content=\"2026-04-29T15:33:13+00:00\" \/>\n<meta property=\"article:modified_time\" content=\"2026-04-30T17:49:16+00:00\" \/>\n<meta property=\"og:image\" content=\"https:\/\/www.vuce.cr\/wp-content\/uploads\/2026\/04\/Exportaciones-Noticia-Vuce.jpg\" \/>\n\t<meta property=\"og:image:width\" content=\"1000\" \/>\n\t<meta property=\"og:image:height\" content=\"598\" \/>\n\t<meta property=\"og:image:type\" content=\"image\/jpeg\" \/>\n<meta name=\"author\" content=\"Adri\u00e1n Rojas Gonz\u00e1lez\" \/>\n<meta name=\"twitter:card\" content=\"summary_large_image\" \/>\n<meta name=\"twitter:label1\" content=\"Written by\" \/>\n\t<meta name=\"twitter:data1\" content=\"Adri\u00e1n Rojas Gonz\u00e1lez\" \/>\n\t<meta name=\"twitter:label2\" content=\"Est. reading time\" \/>\n\t<meta name=\"twitter:data2\" content=\"2 minutes\" \/>\n<script type=\"application\/ld+json\" class=\"yoast-schema-graph\">{\"@context\":\"https:\/\/schema.org\",\"@graph\":[{\"@type\":\"WebPage\",\"@id\":\"https:\/\/www.vuce.cr\/en\/argentina-panama-bucan-acuerdo-comercial\/\",\"url\":\"https:\/\/www.vuce.cr\/en\/argentina-panama-bucan-acuerdo-comercial\/\",\"name\":\"Argentina and Panama Advance Toward a Trade Agreement | VUCE\",\"isPartOf\":{\"@id\":\"https:\/\/www.vuce.cr\/en\/#website\"},\"datePublished\":\"2026-04-29T15:33:13+00:00\",\"dateModified\":\"2026-04-30T17:49:16+00:00\",\"author\":{\"@id\":\"https:\/\/www.vuce.cr\/en\/#\/schema\/person\/96713883fb49e1fabeae5160357519e2\"},\"description\":\"El inicio de abril constituy\u00f3 un mes muy activo para el pa\u00eds suramericano y Panam\u00e1, donde se reporta que ambas naciones buscan explotar el potencial exportador que poseen.\",\"breadcrumb\":{\"@id\":\"https:\/\/www.vuce.cr\/en\/argentina-panama-bucan-acuerdo-comercial\/#breadcrumb\"},\"inLanguage\":\"en-US\",\"potentialAction\":[{\"@type\":\"ReadAction\",\"target\":[\"https:\/\/www.vuce.cr\/en\/argentina-panama-bucan-acuerdo-comercial\/\"]}]},{\"@type\":\"BreadcrumbList\",\"@id\":\"https:\/\/www.vuce.cr\/en\/argentina-panama-bucan-acuerdo-comercial\/#breadcrumb\",\"itemListElement\":[{\"@type\":\"ListItem\",\"position\":1,\"name\":\"Portada\",\"item\":\"https:\/\/www.vuce.cr\/en\/\"},{\"@type\":\"ListItem\",\"position\":2,\"name\":\"Argentina and Panama Advance Toward a Trade Agreement\"}]},{\"@type\":\"WebSite\",\"@id\":\"https:\/\/www.vuce.cr\/en\/#website\",\"url\":\"https:\/\/www.vuce.cr\/en\/\",\"name\":\"VUCE\",\"description\":\"\",\"potentialAction\":[{\"@type\":\"SearchAction\",\"target\":{\"@type\":\"EntryPoint\",\"urlTemplate\":\"https:\/\/www.vuce.cr\/en\/?s={search_term_string}\"},\"query-input\":\"required name=search_term_string\"}],\"inLanguage\":\"en-US\"},{\"@type\":\"Person\",\"@id\":\"https:\/\/www.vuce.cr\/en\/#\/schema\/person\/96713883fb49e1fabeae5160357519e2\",\"name\":\"Adri\u00e1n Rojas Gonz\u00e1lez\",\"image\":{\"@type\":\"ImageObject\",\"inLanguage\":\"en-US\",\"@id\":\"https:\/\/www.vuce.cr\/en\/#\/schema\/person\/image\/\",\"url\":\"\/\/www.gravatar.com\/avatar\/514200e289395fdce0cfeb42668324a3?s=96&#038;r=g&#038;d=mm\",\"contentUrl\":\"\/\/www.gravatar.com\/avatar\/514200e289395fdce0cfeb42668324a3?s=96&#038;r=g&#038;d=mm\",\"caption\":\"Adri\u00e1n Rojas Gonz\u00e1lez\"},\"url\":\"https:\/\/www.vuce.cr\/en\/author\/dev-adrian-procomer\/\"}]}<\/script>\n<!-- \/ Yoast SEO plugin. -->","yoast_head_json":{"title":"Argentina and Panama Advance Toward a Trade Agreement | VUCE","description":"El inicio de abril constituy\u00f3 un mes muy activo para el pa\u00eds suramericano y Panam\u00e1, donde se reporta que ambas naciones buscan explotar el potencial exportador que poseen.","robots":{"index":"index","follow":"follow","max-snippet":"max-snippet:-1","max-image-preview":"max-image-preview:large","max-video-preview":"max-video-preview:-1"},"canonical":"https:\/\/www.vuce.cr\/en\/argentina-panama-bucan-acuerdo-comercial\/","og_locale":"en_US","og_type":"article","og_title":"Argentina and Panama Advance Toward a Trade Agreement | VUCE","og_description":"El inicio de abril constituy\u00f3 un mes muy activo para el pa\u00eds suramericano y Panam\u00e1, donde se reporta que ambas naciones buscan explotar el potencial exportador que poseen.","og_url":"https:\/\/www.vuce.cr\/en\/argentina-panama-bucan-acuerdo-comercial\/","og_site_name":"VUCE","article_published_time":"2026-04-29T15:33:13+00:00","article_modified_time":"2026-04-30T17:49:16+00:00","og_image":[{"width":1000,"height":598,"url":"https:\/\/www.vuce.cr\/wp-content\/uploads\/2026\/04\/Exportaciones-Noticia-Vuce.jpg","type":"image\/jpeg"}],"author":"Adri\u00e1n Rojas Gonz\u00e1lez","twitter_card":"summary_large_image","twitter_misc":{"Written by":"Adri\u00e1n Rojas Gonz\u00e1lez","Est. reading time":"2 minutes"},"schema":{"@context":"https:\/\/schema.org","@graph":[{"@type":"WebPage","@id":"https:\/\/www.vuce.cr\/en\/argentina-panama-bucan-acuerdo-comercial\/","url":"https:\/\/www.vuce.cr\/en\/argentina-panama-bucan-acuerdo-comercial\/","name":"Argentina and Panama Advance Toward a Trade Agreement | VUCE","isPartOf":{"@id":"https:\/\/www.vuce.cr\/en\/#website"},"datePublished":"2026-04-29T15:33:13+00:00","dateModified":"2026-04-30T17:49:16+00:00","author":{"@id":"https:\/\/www.vuce.cr\/en\/#\/schema\/person\/96713883fb49e1fabeae5160357519e2"},"description":"El inicio de abril constituy\u00f3 un mes muy activo para el pa\u00eds suramericano y Panam\u00e1, donde se reporta que ambas naciones buscan explotar el potencial exportador que poseen.","breadcrumb":{"@id":"https:\/\/www.vuce.cr\/en\/argentina-panama-bucan-acuerdo-comercial\/#breadcrumb"},"inLanguage":"en-US","potentialAction":[{"@type":"ReadAction","target":["https:\/\/www.vuce.cr\/en\/argentina-panama-bucan-acuerdo-comercial\/"]}]},{"@type":"BreadcrumbList","@id":"https:\/\/www.vuce.cr\/en\/argentina-panama-bucan-acuerdo-comercial\/#breadcrumb","itemListElement":[{"@type":"ListItem","position":1,"name":"Portada","item":"https:\/\/www.vuce.cr\/en\/"},{"@type":"ListItem","position":2,"name":"Argentina and Panama Advance Toward a Trade Agreement"}]},{"@type":"WebSite","@id":"https:\/\/www.vuce.cr\/en\/#website","url":"https:\/\/www.vuce.cr\/en\/","name":"VUCE","description":"","potentialAction":[{"@type":"SearchAction","target":{"@type":"EntryPoint","urlTemplate":"https:\/\/www.vuce.cr\/en\/?s={search_term_string}"},"query-input":"required name=search_term_string"}],"inLanguage":"en-US"},{"@type":"Person","@id":"https:\/\/www.vuce.cr\/en\/#\/schema\/person\/96713883fb49e1fabeae5160357519e2","name":"Adri\u00e1n Rojas Gonz\u00e1lez","image":{"@type":"ImageObject","inLanguage":"en-US","@id":"https:\/\/www.vuce.cr\/en\/#\/schema\/person\/image\/","url":"\/\/www.gravatar.com\/avatar\/514200e289395fdce0cfeb42668324a3?s=96&#038;r=g&#038;d=mm","contentUrl":"\/\/www.gravatar.com\/avatar\/514200e289395fdce0cfeb42668324a3?s=96&#038;r=g&#038;d=mm","caption":"Adri\u00e1n Rojas Gonz\u00e1lez"},"url":"https:\/\/www.vuce.cr\/en\/author\/dev-adrian-procomer\/"}]}},"acf":[],"_links":{"self":[{"href":"https:\/\/www.vuce.cr\/en\/wp-json\/wp\/v2\/posts\/2596"}],"collection":[{"href":"https:\/\/www.vuce.cr\/en\/wp-json\/wp\/v2\/posts"}],"about":[{"href":"https:\/\/www.vuce.cr\/en\/wp-json\/wp\/v2\/types\/post"}],"author":[{"embeddable":true,"href":"https:\/\/www.vuce.cr\/en\/wp-json\/wp\/v2\/users\/12"}],"replies":[{"embeddable":true,"href":"https:\/\/www.vuce.cr\/en\/wp-json\/wp\/v2\/comments?post=2596"}],"version-history":[{"count":1,"href":"https:\/\/www.vuce.cr\/en\/wp-json\/wp\/v2\/posts\/2596\/revisions"}],"predecessor-version":[{"id":2598,"href":"https:\/\/www.vuce.cr\/en\/wp-json\/wp\/v2\/posts\/2596\/revisions\/2598"}],"wp:featuredmedia":[{"embeddable":true,"href":"https:\/\/www.vuce.cr\/en\/wp-json\/wp\/v2\/media\/2594"}],"wp:attachment":[{"href":"https:\/\/www.vuce.cr\/en\/wp-json\/wp\/v2\/media?parent=2596"}],"wp:term":[{"taxonomy":"category","embeddable":true,"href":"https:\/\/www.vuce.cr\/en\/wp-json\/wp\/v2\/categories?post=2596"},{"taxonomy":"post_tag","embeddable":true,"href":"https:\/\/www.vuce.cr\/en\/wp-json\/wp\/v2\/tags?post=2596"}],"curies":[{"name":"wp","href":"https:\/\/api.w.org\/{rel}","templated":true}]}}